[{"@context":"https:\/\/schema.org\/","@type":"Article","@id":"https:\/\/www.mitsu.cz\/vzdelany-a-stastny-narod\/#Article","mainEntityOfPage":"https:\/\/www.mitsu.cz\/vzdelany-a-stastny-narod\/","headline":"Vzd\u011blan\u00fd a \u0161\u0165astn\u00fd n\u00e1rod","name":"Vzd\u011blan\u00fd a \u0161\u0165astn\u00fd n\u00e1rod","description":"Je zn\u00e1mo, \u017ee se po mnoho let st\u00e1tn\u00ed v\u00fddaje na platy u\u010ditel\u016f \u0161krtily a toto se samoz\u0159ejm\u011b postupn\u011b projevilo nejenom v&nbsp;po\u010dtu kvalitn\u00edch [&hellip;]","datePublished":"2020-01-08","dateModified":"2023-05-31","author":{"@type":"Person","@id":"https:\/\/www.mitsu.cz\/author\/devene\/#Person","name":"devene","url":"https:\/\/www.mitsu.cz\/author\/devene\/","identifier":1,"image":{"@type":"ImageObject","@id":"https:\/\/secure.gravatar.com\/avatar\/8eaf08ef5a7e54fc91db02b2058b03bc913caaaa39c046819bbf43d06bd23c2b?s=96&d=mm&r=g","url":"https:\/\/secure.gravatar.com\/avatar\/8eaf08ef5a7e54fc91db02b2058b03bc913caaaa39c046819bbf43d06bd23c2b?s=96&d=mm&r=g","height":96,"width":96}},"publisher":{"@type":"Organization","name":"mitsu.cz","logo":{"@type":"ImageObject","@id":"\/logo.png","url":"\/logo.png","width":600,"height":60}},"image":{"@type":"ImageObject","@id":"https:\/\/www.mitsu.cz\/wp-content\/uploads\/img_a366946_w4240_t1579428269.jpg","url":"https:\/\/www.mitsu.cz\/wp-content\/uploads\/img_a366946_w4240_t1579428269.jpg","height":0,"width":0},"url":"https:\/\/www.mitsu.cz\/vzdelany-a-stastny-narod\/","about":["Vzd\u011bl\u00e1n\u00ed"],"wordCount":508,"articleBody":"Je zn\u00e1mo, \u017ee se po mnoho let st\u00e1tn\u00ed v\u00fddaje na platy u\u010ditel\u016f \u0161krtily a toto se samoz\u0159ejm\u011b postupn\u011b projevilo nejenom v&nbsp;po\u010dtu kvalitn\u00edch u\u010ditel\u016f. A co se t\u00fdk\u00e1 financ\u00ed na provoz ve\u0161ker\u00fdch \u0161kol, z\u00e1kladn\u00edch, st\u0159edn\u00edch, u\u010dili\u0161\u0165 a samoz\u0159ejm\u011b vysok\u00fdch \u0161kol, tak toto financov\u00e1n\u00ed by m\u011blo b\u00fdt p\u0159id\u011blov\u00e1no bez jak\u00fdchkoliv rozd\u00edl\u016f. Ne podle lobbist\u016f, ne podle po\u010dtu hodin, ale podle po\u010dtu student\u016f.\tJe \u0161koda, \u017ee u\u017e po dlouh\u00fd \u010das, a d\u00e1 se \u0159\u00edci s&nbsp;ka\u017ed\u00fdm nov\u00fdm ministrem \u0161kolstv\u00ed, se m\u011bn\u00ed n\u00e1zory na to, jakou v\u016fbec maj\u00ed m\u00edt \u0161koly roli, jak se maj\u00ed ke student\u016fm chovat. A to navazuje i na syst\u00e9m vzd\u011bl\u00e1v\u00e1n\u00ed. \tKde je podle \u0159editel\u016f a ostatn\u00edch u\u010ditel\u016f velk\u00fd probl\u00e9m? Tak ten spo\u010d\u00edv\u00e1 ve vypl\u0148ov\u00e1n\u00ed r\u016fzn\u00fdch zbyte\u010dn\u00fdch tiskopis\u016f, ve velk\u00e9 m\u00ed\u0159e jsou mnohdy zbyte\u010dn\u00e9 a\u017e p\u0159ehnan\u00e9. A ten \u010das by se dal efektivn\u011b vyu\u017e\u00edt pro vzd\u011bl\u00e1v\u00e1n\u00ed. Zde se podle mnoh\u00fdch pedagog\u016f naplno projevuje zbyte\u010dn\u00e1 byrokracie. Tady by se mohl naplno vyu\u017e\u00edt \u00fasporn\u00fd syst\u00e9m v&nbsp;digitalizaci. \tTak, jak na\u0161e d\u016fchody pot\u0159ebuj\u00ed z\u00e1sadn\u00ed reformu, tak v syst\u00e9mu VZD\u011aL\u00c1V\u00c1N\u00cd je kvalitn\u00ed reforma t\u00e9\u017e velmi d\u016fle\u017eit\u00e1. A nem\u011blo by se to odkl\u00e1dat. Proto\u017ee pokud n\u00e1\u0161 st\u00e1t bude m\u00edt skute\u010dn\u011b vzd\u011blan\u00e9 ob\u010dany, kte\u0159\u00ed ve sv\u00e9m \u017eivot\u011b budou um\u011bt uplatnit to, co um\u00ed, co je bude napl\u0148ovat, t\u00edm p\u0159isp\u011bj\u00ed nejenom k&nbsp;prosperit\u011b sv\u00e9 zem\u011b, ale budou ve sv\u00e9m \u017eivot\u011b spokojeni sami se sebou. A to je velmi d\u016fle\u017eit\u00e9.\t&nbsp; v&nbsp; &nbsp;&nbsp;&nbsp;\tNejenom probl\u00e9m n\u00edzk\u00fdch plat\u016f, ale u\u017e po\u010d\u00e1te\u010dn\u00ed p\u0159\u00edstup rodi\u010d\u016f ve v\u00fdchov\u011b mal\u00fdch \u0161kol\u00e1k\u016f u\u010ditel\u016fm vad\u00ed. D\u0159\u00edve to bylo tak, \u017ee u\u010ditel dal najevo rodi\u010d\u016fm, kde jejich d\u00edt\u011b m\u00e1 n\u011bjak\u00fd probl\u00e9m ve v\u00fduce. P\u0159\u00edpadn\u011b upozornil na \u0161patn\u00e9 chov\u00e1n\u00ed. Ale dnes je to jinak. V&nbsp;mnoha p\u0159\u00edpadech, aby rodi\u010de s&nbsp;u\u010ditelem m\u011bli vz\u00e1jemn\u00e9 pochopen\u00ed, oporu nejenom ve v\u00fdchov\u011b, ale hlavn\u011b k&nbsp;p\u0159\u00edstupu vzd\u011bl\u00e1n\u00ed, tak rodi\u010de sv\u00e9ho potomka obhajuj\u00ed a st\u011b\u017euj\u00ed na \u0161patn\u00fd p\u0159\u00edstup u\u010ditele. A to nen\u00ed spr\u00e1vn\u00e9.\t&nbsp; v&nbsp; \tBylo by dobr\u00e9 se ohledn\u011b byrokracie ve \u0161kolstv\u00ed zamyslet nad t\u00edm, kde je pravd\u011bpodobn\u011b jej\u00ed po\u010d\u00e1tek. M\u011bli bychom si p\u0159iznat, \u017ee u\u017e p\u0159em\u00edra r\u016fzn\u00fdch administrativn\u00edch na\u0159\u00edzen\u00ed je zp\u016fsobena p\u0159ebujelou byrokraci\u00ed z&nbsp;EU. V\u00edme, &nbsp;\u017ee toto na\u0161e \u0161kolstv\u00ed velmi zat\u011b\u017euje. Tak by bylo pot\u0159eba s&nbsp;t\u00edm brzo n\u011bco ud\u011blat.                                                                                                                                                                                                                                                                                                                                                                                                 "},{"@context":"https:\/\/schema.org\/","@type":"BreadcrumbList","itemListElement":[{"@type":"ListItem","position":1,"name":"Vzd\u011blan\u00fd a \u0161\u0165astn\u00fd n\u00e1rod","item":"https:\/\/www.mitsu.cz\/vzdelany-a-stastny-narod\/#breadcrumbitem"}]}]