[{"@context":"https:\/\/schema.org\/","@type":"Article","@id":"https:\/\/www.mitsu.cz\/ubytovani-v-praze-vam-pomuzeme-vyresit-my\/#Article","mainEntityOfPage":"https:\/\/www.mitsu.cz\/ubytovani-v-praze-vam-pomuzeme-vyresit-my\/","headline":"Ubytov\u00e1n\u00ed v Praze v\u00e1m pom\u016f\u017eeme vy\u0159e\u0161it my","name":"Ubytov\u00e1n\u00ed v Praze v\u00e1m pom\u016f\u017eeme vy\u0159e\u0161it my","description":"Pot\u0159ebujete naj\u00edt v Praze dlouhodob\u011bj\u0161\u00ed ubytov\u00e1n\u00ed, kde budete m\u00edt za sv\u00e9 pen\u00edze klid a pohodu? Hled\u00e1te bydlen\u00ed s n\u011bkolika spolupracovn\u00edky v rodinn\u00e9m [&hellip;]","datePublished":"2024-04-11","dateModified":"2024-04-11","author":{"@type":"Person","@id":"https:\/\/www.mitsu.cz\/author\/devene\/#Person","name":"devene","url":"https:\/\/www.mitsu.cz\/author\/devene\/","identifier":1,"image":{"@type":"ImageObject","@id":"https:\/\/secure.gravatar.com\/avatar\/8eaf08ef5a7e54fc91db02b2058b03bc913caaaa39c046819bbf43d06bd23c2b?s=96&d=mm&r=g","url":"https:\/\/secure.gravatar.com\/avatar\/8eaf08ef5a7e54fc91db02b2058b03bc913caaaa39c046819bbf43d06bd23c2b?s=96&d=mm&r=g","height":96,"width":96}},"publisher":{"@type":"Organization","name":"mitsu.cz","logo":{"@type":"ImageObject","@id":"\/logo.png","url":"\/logo.png","width":600,"height":60}},"url":"https:\/\/www.mitsu.cz\/ubytovani-v-praze-vam-pomuzeme-vyresit-my\/","wordCount":234,"articleBody":"Pot\u0159ebujete naj\u00edt v Praze dlouhodob\u011bj\u0161\u00ed ubytov\u00e1n\u00ed, kde budete m\u00edt za sv\u00e9 pen\u00edze klid a pohodu? Hled\u00e1te bydlen\u00ed s n\u011bkolika spolupracovn\u00edky v rodinn\u00e9m dom\u011b nebo jste studenti a pot\u0159ebujete naj\u00edt bydlen\u00ed s n\u011bkolika p\u0159\u00e1teli? Pokud ano, sta\u0148te se na\u0161imi klienty a m\u016f\u017eete se spolehnout na to, \u017ee budete stoprocentn\u011b spokojen\u00ed. Jmenujeme se Ubytov\u00e1n\u00ed Jana \u0160imkov\u00e1 a dostanete od n\u00e1s vysoce kvalitn\u00ed ubytov\u00e1n\u00ed Praha, kter\u00e9 v\u00e1m bude ve v\u0161em vyhovovat. O tom se p\u0159esv\u011bd\u010dilo mnoho lid\u00ed, kte\u0159\u00ed s n\u00e1mi u\u017e spolupracuj\u00ed a jsou d\u00edky tomu pln\u011b spokojen\u00ed. P\u0159idejte se k nim i vy a sami se p\u0159esv\u011bd\u010dte o tom, \u017ee v\u00e1m d\u00e1me p\u0159esn\u011b to, co chcete a hled\u00e1te.D\u00e1v\u00e1me v\u00e1m kvalitu za skv\u011blou cenuVelkou v\u00fdhodou spolupr\u00e1ce s na\u0161\u00ed firmou je i to, \u017ee v\u00e1m d\u00e1v\u00e1me kvalitn\u00ed ubytov\u00e1n\u00ed Prahaza v\u00fdhodn\u00e9 ceny. V dom\u011b a jeho okol\u00ed je klid, m\u00e1te to bl\u00edzko k mnoha kulturn\u00edm centr\u016fm na\u0161eho hlavn\u00edho m\u011bsta a za takovouto cenu nic podobn\u00e9ho v Praze nenajdete. Pod\u00edvejte se na na\u0161e internetov\u00e9 str\u00e1nky a sami se p\u0159esv\u011bd\u010dte, \u017ee jsme skv\u011bl\u00fdm partnerem v tomto oboru.                                                                                                                                                                                                                                                                                                                                                                                                "},{"@context":"https:\/\/schema.org\/","@type":"BreadcrumbList","itemListElement":[{"@type":"ListItem","position":1,"name":"Ubytov\u00e1n\u00ed v Praze v\u00e1m pom\u016f\u017eeme vy\u0159e\u0161it my","item":"https:\/\/www.mitsu.cz\/ubytovani-v-praze-vam-pomuzeme-vyresit-my\/#breadcrumbitem"}]}]