[{"@context":"https:\/\/schema.org\/","@type":"Article","@id":"https:\/\/www.mitsu.cz\/solarni-zahradni-sprchu-vyuzivaji-majitele-bazenu-a-zahradkari\/#Article","mainEntityOfPage":"https:\/\/www.mitsu.cz\/solarni-zahradni-sprchu-vyuzivaji-majitele-bazenu-a-zahradkari\/","headline":"Sol\u00e1rn\u00ed zahradn\u00ed sprchu vyu\u017e\u00edvaj\u00ed majitel\u00e9 baz\u00e9n\u016f a zahr\u00e1dk\u00e1\u0159i","name":"Sol\u00e1rn\u00ed zahradn\u00ed sprchu vyu\u017e\u00edvaj\u00ed majitel\u00e9 baz\u00e9n\u016f a zahr\u00e1dk\u00e1\u0159i","description":"Kam ji postavit a kdy ji pou\u017e\u00edvat Nejv\u00edce dotaz\u016f sm\u011b\u0159uje v\u017edy na praktickou vyu\u017eitelnost tohoto v\u00fdrobku. Z\u00e1le\u017e\u00ed pochopiteln\u011b na po\u010das\u00ed, ale v [&hellip;]","datePublished":"2019-05-12","dateModified":"2023-05-31","author":{"@type":"Person","@id":"https:\/\/www.mitsu.cz\/author\/devene\/#Person","name":"devene","url":"https:\/\/www.mitsu.cz\/author\/devene\/","identifier":1,"image":{"@type":"ImageObject","@id":"https:\/\/secure.gravatar.com\/avatar\/8eaf08ef5a7e54fc91db02b2058b03bc913caaaa39c046819bbf43d06bd23c2b?s=96&d=mm&r=g","url":"https:\/\/secure.gravatar.com\/avatar\/8eaf08ef5a7e54fc91db02b2058b03bc913caaaa39c046819bbf43d06bd23c2b?s=96&d=mm&r=g","height":96,"width":96}},"publisher":{"@type":"Organization","name":"mitsu.cz","logo":{"@type":"ImageObject","@id":"\/logo.png","url":"\/logo.png","width":600,"height":60}},"image":{"@type":"ImageObject","@id":"https:\/\/www.mitsu.cz\/wp-content\/uploads\/img_a351033_w1735_t1565788881.jpg","url":"https:\/\/www.mitsu.cz\/wp-content\/uploads\/img_a351033_w1735_t1565788881.jpg","height":0,"width":0},"url":"https:\/\/www.mitsu.cz\/solarni-zahradni-sprchu-vyuzivaji-majitele-bazenu-a-zahradkari\/","about":["Zv\u00ed\u0159ata"],"wordCount":407,"articleBody":"       Kam ji postavit a kdy ji pou\u017e\u00edvat Nejv\u00edce dotaz\u016f sm\u011b\u0159uje v\u017edy na praktickou vyu\u017eitelnost tohoto v\u00fdrobku. Z\u00e1le\u017e\u00ed pochopiteln\u011b na po\u010das\u00ed, ale v z\u00e1sad\u011b lze vodou plnit z\u00e1sobn\u00edk ji\u017e od poloviny dubna a a\u017e do poloviny \u0159\u00edjna. Tekutina je p\u0159\u00edjemn\u011b vla\u017en\u00e1 na um\u00fdv\u00e1n\u00ed rukou a osv\u011b\u017een\u00ed p\u0159i pr\u00e1ci na zahrad\u011b u\u017e na ja\u0159e i na podzim, dbejte pouze na v\u00fdskyt p\u0159\u00edzemn\u00edch mraz\u00edk\u016f, kter\u00e9 by v\u00fdrobek mohly nevratn\u011b po\u0161kodit. Pro zahradn\u00ed baz\u00e9ny je ide\u00e1ln\u00edm obdob\u00edm konec kv\u011btna a\u017e polovina z\u00e1\u0159\u00ed. Nespornou v\u00fdhodou je samoz\u0159ejm\u011b cena tepl\u00e9 vody, tu oh\u0159\u00edv\u00e1 pouze slunce a za oh\u0159ev nic neplat\u00edte, vypo\u010d\u00edt\u00e1 se pouze z amortizace, resp. \u017eivotnosti s ohledem na po\u0159izovac\u00ed n\u00e1klady. P\u0159i dne\u0161n\u00edch cen\u00e1ch plynu a elekt\u0159iny se tento v\u00fdrobek zaplat\u00ed u frekventovan\u011bj\u0161\u00edho vyu\u017e\u00edv\u00e1n\u00ed ji\u017e za jednu sezonu. A kam sol\u00e1rn\u00ed zahradn\u00ed sprchu Chlorito um\u00edstit? Pochopiteln\u011b na slunn\u00e9 m\u00edsto, ale z\u00e1rove\u0148 chr\u00e1n\u011bn\u00e9 p\u0159ed v\u011btrem, kter\u00fd p\u016fsob\u00ed jako v\u00fdznamn\u00fd izolant a chladi\u010d. Vhodn\u00e9 je p\u0159ipravit nejprve podlo\u017e\u00ed a zmi\u0148ovan\u00fd odvod odpadn\u00ed tekutiny. Ne\u017eli st\u00e1t na rozbahn\u011bn\u00e9m tr\u00e1vn\u00edku, je v\u00fdhodn\u011bj\u0161\u00ed d\u0159ev\u011bn\u00fd nebo plastov\u00fd ro\u0161t, anebo betonov\u00e9 dla\u017edice, z\u00e1mkov\u00e1 \u010di keramick\u00e1 dla\u017eba. Pamatujte na to, \u017ee podlaha by nem\u011bla b\u00fdt p\u0159\u00edli\u0161 tmav\u00e1, aby tepeln\u00e9 z\u00e1\u0159en\u00ed naopak odr\u00e1\u017eela a nep\u00e1lila do chodidel. Odtok vody Mnoz\u00ed lid\u00e9 zapom\u00ednaj\u00ed \u0159e\u0161it odt\u00e9kaj\u00edc\u00ed tekutinu, kter\u00e1 \u010dastokr\u00e1t m\u011bn\u00ed okol\u00ed vodn\u00edho rezervo\u00e1ru na podm\u00e1\u010den\u00fd mok\u0159ad, ba\u017einu, \u010di bahenn\u00ed l\u00e1zn\u011b. Tento probl\u00e9m se projev\u00ed zvl\u00e1\u0161t\u011b p\u0159i \u010dast\u011bj\u0161\u00edm vyu\u017e\u00edv\u00e1n\u00ed v\u00edce lidmi, zejm\u00e9na na zahrad\u00e1ch a v zahr\u00e1dk\u00e1\u0159sk\u00fdch koloni\u00edch. \u0158e\u0161en\u00ed lze spat\u0159it v odtokov\u00e9m \u017el\u00e1bku \u010di trativodu, napojen\u00e9m bu\u010f do septiku, kanaliza\u010dn\u00ed soustavy, anebo do vzd\u00e1len\u00fdch m\u00edst, kde prob\u011bhne postupn\u00fd pr\u016fsak do zeminy. \u010cistic\u00ed prost\u0159edky vyu\u017e\u00edvejte s ohledem na \u017eivotn\u00ed prost\u0159ed\u00ed, zvl\u00e1\u0161t\u011b tam, kde se p\u011bstuje ovoce a zelenina, na trhu je dnes \u0159ada ekologicky odbourateln\u00fdch v\u00fdrobk\u016f za p\u0159ijatelnou cenu.                                                                                                                                                                                                                                                                                                                                                                                                  "},{"@context":"https:\/\/schema.org\/","@type":"BreadcrumbList","itemListElement":[{"@type":"ListItem","position":1,"name":"Sol\u00e1rn\u00ed zahradn\u00ed sprchu vyu\u017e\u00edvaj\u00ed majitel\u00e9 baz\u00e9n\u016f a zahr\u00e1dk\u00e1\u0159i","item":"https:\/\/www.mitsu.cz\/solarni-zahradni-sprchu-vyuzivaji-majitele-bazenu-a-zahradkari\/#breadcrumbitem"}]}]