[{"@context":"https:\/\/schema.org\/","@type":"Article","@id":"https:\/\/www.mitsu.cz\/proc-nebyt-jina\/#Article","mainEntityOfPage":"https:\/\/www.mitsu.cz\/proc-nebyt-jina\/","headline":"Pro\u010d neb\u00fdt jin\u00e1?","name":"Pro\u010d neb\u00fdt jin\u00e1?","description":"Charakter va\u0161i osobnosti u\u017e asi nezm\u011bn\u00edte, ale co m\u016f\u017eete zm\u011bnit je v\u00e1s vzhled. I kdy\u017e nechcete zrovna na plastiku, m\u016f\u017eete to zkusit [&hellip;]","datePublished":"2025-01-20","dateModified":"2025-01-20","author":{"@type":"Person","@id":"https:\/\/www.mitsu.cz\/author\/devene\/#Person","name":"devene","url":"https:\/\/www.mitsu.cz\/author\/devene\/","identifier":1,"image":{"@type":"ImageObject","@id":"https:\/\/secure.gravatar.com\/avatar\/8eaf08ef5a7e54fc91db02b2058b03bc913caaaa39c046819bbf43d06bd23c2b?s=96&d=mm&r=g","url":"https:\/\/secure.gravatar.com\/avatar\/8eaf08ef5a7e54fc91db02b2058b03bc913caaaa39c046819bbf43d06bd23c2b?s=96&d=mm&r=g","height":96,"width":96}},"publisher":{"@type":"Organization","name":"mitsu.cz","logo":{"@type":"ImageObject","@id":"\/logo.png","url":"\/logo.png","width":600,"height":60}},"url":"https:\/\/www.mitsu.cz\/proc-nebyt-jina\/","wordCount":176,"articleBody":"Charakter va\u0161i osobnosti u\u017e asi nezm\u011bn\u00edte, ale co m\u016f\u017eete zm\u011bnit je v\u00e1s vzhled. I kdy\u017e nechcete zrovna na plastiku, m\u016f\u017eete to zkusit s prodlu\u017eov\u00e1n\u00edm vlas\u016f. Zm\u011bna, kter\u00e1 je viditeln\u00e1 ji\u017e na prvn\u00ed pohled a p\u0159\u00edjemn\u00e1 pro v\u00e1s i va\u0161e okol\u00ed. Z kr\u00e1tk\u00fdch najednou h\u0159\u00edva, po jak\u00e9 jste ji\u017e l\u00e9ta tou\u017eily. Pro\u010d \u010dekat dal\u0161\u00edch sto let, kdy\u017e je m\u016f\u017eete m\u00edt hned? Na barv\u011b ani kvalit\u011b nez\u00e1le\u017e\u00ed, p\u0159izp\u016fsob\u00ed se v\u00e1m a budou vypadat naprosto dokonale a p\u0159irozen\u011b. Dop\u0159ejte si kr\u00e1su, jakou si m\u016f\u017eete dovolit. Budete se m\u00edt v\u00edce r\u00e1dy S prodlu\u017eov\u00e1n\u00edm vlas\u016f z\u00edsk\u00e1te nejen radost, \u017ee jste ud\u011blaly n\u011bco pro sebe, ale i v\u00edce sebev\u011bdom\u00ed. Najednou se budete samy sob\u011b l\u00edbit a p\u0159izp\u016fsob\u00edte va\u0161emu nov\u00e9mu vzhledu i v\u00e1\u0161 \u0161atn\u00edk. Budete natolik dokonal\u00e9, \u017ee tomu budete i samy v\u011b\u0159it.                                                                                                                                                                                                                                                                                                                                                                                                "},{"@context":"https:\/\/schema.org\/","@type":"BreadcrumbList","itemListElement":[{"@type":"ListItem","position":1,"name":"Pro\u010d neb\u00fdt jin\u00e1?","item":"https:\/\/www.mitsu.cz\/proc-nebyt-jina\/#breadcrumbitem"}]}]