[{"@context":"https:\/\/schema.org\/","@type":"Blog","@id":"https:\/\/www.mitsu.cz#Blog","headline":"Mitsu","description":"\nHled\u00e1te na internetu n\u011bco a st\u00e1le to ne a ne naj\u00edt? U\u017e v\u00e1s nenapad\u00e1, kam se je\u0161t\u011b obr\u00e1tit? A co n\u00e1\u0161 web, na tom u\u017e jste se zkusili porozhl\u00e9dnout?","url":"https:\/\/www.mitsu.cz","hasPart":[{"@type":"Article","@id":"https:\/\/www.mitsu.cz\/doprejte-nejmensim-clenum-rodiny-vymozenosti-dnesni-doby\/","headline":"Dop\u0159ejte nejmen\u0161\u00edm \u010dlen\u016fm rodiny vymo\u017eenosti dne\u0161n\u00ed doby","url":"https:\/\/www.mitsu.cz\/doprejte-nejmensim-clenum-rodiny-vymozenosti-dnesni-doby\/","datePublished":"2020-08-08","dateModified":"2023-05-31","mainEntityOfPage":"https:\/\/www.mitsu.cz\/doprejte-nejmensim-clenum-rodiny-vymozenosti-dnesni-doby\/","author":{"@type":"Person","@id":"https:\/\/www.mitsu.cz\/author\/devene\/#Person","name":"devene","url":"https:\/\/www.mitsu.cz\/author\/devene\/","identifier":1,"image":{"@type":"ImageObject","@id":"https:\/\/secure.gravatar.com\/avatar\/8eaf08ef5a7e54fc91db02b2058b03bc913caaaa39c046819bbf43d06bd23c2b?s=96&d=mm&r=g","url":"https:\/\/secure.gravatar.com\/avatar\/8eaf08ef5a7e54fc91db02b2058b03bc913caaaa39c046819bbf43d06bd23c2b?s=96&d=mm&r=g","height":96,"width":96}},"publisher":{"@type":"Organization","name":"mitsu.cz","logo":{"@type":"ImageObject","@id":"\/logo.png","url":"\/logo.png","width":600,"height":60}},"image":{"@type":"ImageObject","@id":"https:\/\/www.mitsu.cz\/wp-content\/uploads\/smile-1956796_1280.jpg","url":"https:\/\/www.mitsu.cz\/wp-content\/uploads\/smile-1956796_1280.jpg","height":0,"width":0},"wordCount":564,"keywords":null},{"@type":"Article","@id":"https:\/\/www.mitsu.cz\/mikrometricke-meridlo\/","headline":"Mikrometrick\u00e9 m\u011b\u0159idlo","url":"https:\/\/www.mitsu.cz\/mikrometricke-meridlo\/","datePublished":"2020-07-13","dateModified":"2023-05-31","mainEntityOfPage":"https:\/\/www.mitsu.cz\/mikrometricke-meridlo\/","author":{"@type":"Person","@id":"https:\/\/www.mitsu.cz\/author\/devene\/#Person","name":"devene","url":"https:\/\/www.mitsu.cz\/author\/devene\/","identifier":1,"image":{"@type":"ImageObject","@id":"https:\/\/secure.gravatar.com\/avatar\/8eaf08ef5a7e54fc91db02b2058b03bc913caaaa39c046819bbf43d06bd23c2b?s=96&d=mm&r=g","url":"https:\/\/secure.gravatar.com\/avatar\/8eaf08ef5a7e54fc91db02b2058b03bc913caaaa39c046819bbf43d06bd23c2b?s=96&d=mm&r=g","height":96,"width":96}},"publisher":{"@type":"Organization","name":"mitsu.cz","logo":{"@type":"ImageObject","@id":"\/logo.png","url":"\/logo.png","width":600,"height":60}},"image":{"@type":"ImageObject","@id":"https:\/\/www.mitsu.cz\/wp-content\/uploads\/m%C4%9B%C5%99en%C3%AD%20milimetr%C5%AF.png","url":"https:\/\/www.mitsu.cz\/wp-content\/uploads\/m%C4%9B%C5%99en%C3%AD%20milimetr%C5%AF.png","height":0,"width":0},"wordCount":1084,"keywords":null},{"@type":"Article","@id":"https:\/\/www.mitsu.cz\/poznejte-spaldu-v-tom-nejlepsim-svetle\/","headline":"Poznejte \u0161paldu v tom nejlep\u0161\u00edm sv\u011btle","url":"https:\/\/www.mitsu.cz\/poznejte-spaldu-v-tom-nejlepsim-svetle\/","datePublished":"2020-05-18","dateModified":"2023-10-12","mainEntityOfPage":"https:\/\/www.mitsu.cz\/poznejte-spaldu-v-tom-nejlepsim-svetle\/","author":{"@type":"Person","@id":"https:\/\/www.mitsu.cz\/author\/devene\/#Person","name":"devene","url":"https:\/\/www.mitsu.cz\/author\/devene\/","identifier":1,"image":{"@type":"ImageObject","@id":"https:\/\/secure.gravatar.com\/avatar\/8eaf08ef5a7e54fc91db02b2058b03bc913caaaa39c046819bbf43d06bd23c2b?s=96&d=mm&r=g","url":"https:\/\/secure.gravatar.com\/avatar\/8eaf08ef5a7e54fc91db02b2058b03bc913caaaa39c046819bbf43d06bd23c2b?s=96&d=mm&r=g","height":96,"width":96}},"publisher":{"@type":"Organization","name":"mitsu.cz","logo":{"@type":"ImageObject","@id":"\/logo.png","url":"\/logo.png","width":600,"height":60}},"image":{"@type":"ImageObject","@id":"https:\/\/www.mitsu.cz\/wp-content\/uploads\/p%C5%A1enice%20za%20z%C3%A1padu%20slunce.jpg","url":"https:\/\/www.mitsu.cz\/wp-content\/uploads\/p%C5%A1enice%20za%20z%C3%A1padu%20slunce.jpg","height":0,"width":0},"wordCount":540,"keywords":null},{"@type":"Article","@id":"https:\/\/www.mitsu.cz\/nejlevnejsi-a-nejkvalitnejsi-ubytovani-v-praze\/","headline":"Nejlevn\u011bj\u0161\u00ed a nejkvalitn\u011bj\u0161\u00ed ubytov\u00e1n\u00ed v Praze","url":"https:\/\/www.mitsu.cz\/nejlevnejsi-a-nejkvalitnejsi-ubytovani-v-praze\/","datePublished":"2020-05-08","dateModified":"2023-05-31","mainEntityOfPage":"https:\/\/www.mitsu.cz\/nejlevnejsi-a-nejkvalitnejsi-ubytovani-v-praze\/","author":{"@type":"Person","@id":"https:\/\/www.mitsu.cz\/author\/devene\/#Person","name":"devene","url":"https:\/\/www.mitsu.cz\/author\/devene\/","identifier":1,"image":{"@type":"ImageObject","@id":"https:\/\/secure.gravatar.com\/avatar\/8eaf08ef5a7e54fc91db02b2058b03bc913caaaa39c046819bbf43d06bd23c2b?s=96&d=mm&r=g","url":"https:\/\/secure.gravatar.com\/avatar\/8eaf08ef5a7e54fc91db02b2058b03bc913caaaa39c046819bbf43d06bd23c2b?s=96&d=mm&r=g","height":96,"width":96}},"publisher":{"@type":"Organization","name":"mitsu.cz","logo":{"@type":"ImageObject","@id":"\/logo.png","url":"\/logo.png","width":600,"height":60}},"image":{"@type":"ImageObject","@id":"https:\/\/www.mitsu.cz\/wp-content\/uploads\/Nejlevn%C4%9Bj%C5%A1%C3%AD%20a%20kvalitn%C3%AD%20ubytov%C3%A1n%C3%AD%20v%20Praze.jpg","url":"https:\/\/www.mitsu.cz\/wp-content\/uploads\/Nejlevn%C4%9Bj%C5%A1%C3%AD%20a%20kvalitn%C3%AD%20ubytov%C3%A1n%C3%AD%20v%20Praze.jpg","height":0,"width":0},"wordCount":637,"keywords":null},{"@type":"Article","@id":"https:\/\/www.mitsu.cz\/zahrada-jako-oaza-klidu-podle-vasich-predstav\/","headline":"Zahrada jako o\u00e1za klidu podle va\u0161ich p\u0159edstav","url":"https:\/\/www.mitsu.cz\/zahrada-jako-oaza-klidu-podle-vasich-predstav\/","datePublished":"2020-04-13","dateModified":"2023-12-20","mainEntityOfPage":"https:\/\/www.mitsu.cz\/zahrada-jako-oaza-klidu-podle-vasich-predstav\/","author":{"@type":"Person","@id":"https:\/\/www.mitsu.cz\/author\/devene\/#Person","name":"devene","url":"https:\/\/www.mitsu.cz\/author\/devene\/","identifier":1,"image":{"@type":"ImageObject","@id":"https:\/\/secure.gravatar.com\/avatar\/8eaf08ef5a7e54fc91db02b2058b03bc913caaaa39c046819bbf43d06bd23c2b?s=96&d=mm&r=g","url":"https:\/\/secure.gravatar.com\/avatar\/8eaf08ef5a7e54fc91db02b2058b03bc913caaaa39c046819bbf43d06bd23c2b?s=96&d=mm&r=g","height":96,"width":96}},"publisher":{"@type":"Organization","name":"mitsu.cz","logo":{"@type":"ImageObject","@id":"\/logo.png","url":"\/logo.png","width":600,"height":60}},"image":{"@type":"ImageObject","@id":"https:\/\/www.mitsu.cz\/wp-content\/uploads\/d%C5%99ev%C4%9Bn%C3%A1_pergola.jpg","url":"https:\/\/www.mitsu.cz\/wp-content\/uploads\/d%C5%99ev%C4%9Bn%C3%A1_pergola.jpg","height":0,"width":0},"wordCount":658,"keywords":null},{"@type":"Article","@id":"https:\/\/www.mitsu.cz\/vsadte-na-chytrou-reklamu-aneb-proc-je-dobre-vsadit-na-reklamni-textil-a-jine-predmety\/","headline":"Vsa\u010fte na chytrou reklamu aneb pro\u010d je dobr\u00e9 vsadit na reklamn\u00ed textil a jin\u00e9 p\u0159edm\u011bty","url":"https:\/\/www.mitsu.cz\/vsadte-na-chytrou-reklamu-aneb-proc-je-dobre-vsadit-na-reklamni-textil-a-jine-predmety\/","datePublished":"2020-04-12","dateModified":"2023-05-31","mainEntityOfPage":"https:\/\/www.mitsu.cz\/vsadte-na-chytrou-reklamu-aneb-proc-je-dobre-vsadit-na-reklamni-textil-a-jine-predmety\/","author":{"@type":"Person","@id":"https:\/\/www.mitsu.cz\/author\/devene\/#Person","name":"devene","url":"https:\/\/www.mitsu.cz\/author\/devene\/","identifier":1,"image":{"@type":"ImageObject","@id":"https:\/\/secure.gravatar.com\/avatar\/8eaf08ef5a7e54fc91db02b2058b03bc913caaaa39c046819bbf43d06bd23c2b?s=96&d=mm&r=g","url":"https:\/\/secure.gravatar.com\/avatar\/8eaf08ef5a7e54fc91db02b2058b03bc913caaaa39c046819bbf43d06bd23c2b?s=96&d=mm&r=g","height":96,"width":96}},"publisher":{"@type":"Organization","name":"mitsu.cz","logo":{"@type":"ImageObject","@id":"\/logo.png","url":"\/logo.png","width":600,"height":60}},"image":{"@type":"ImageObject","@id":"https:\/\/www.mitsu.cz\/wp-content\/uploads\/slo%C5%BEen%C3%A1%20tri%C4%8Dka_1.PNG","url":"https:\/\/www.mitsu.cz\/wp-content\/uploads\/slo%C5%BEen%C3%A1%20tri%C4%8Dka_1.PNG","height":0,"width":0},"wordCount":649,"keywords":null},{"@type":"Article","@id":"https:\/\/www.mitsu.cz\/telefon-ktery-zaujme-na-prvni-pohled\/","headline":"Telefon, kter\u00fd zaujme na prvn\u00ed pohled","url":"https:\/\/www.mitsu.cz\/telefon-ktery-zaujme-na-prvni-pohled\/","datePublished":"2020-04-06","dateModified":"2023-05-31","mainEntityOfPage":"https:\/\/www.mitsu.cz\/telefon-ktery-zaujme-na-prvni-pohled\/","author":{"@type":"Person","@id":"https:\/\/www.mitsu.cz\/author\/devene\/#Person","name":"devene","url":"https:\/\/www.mitsu.cz\/author\/devene\/","identifier":1,"image":{"@type":"ImageObject","@id":"https:\/\/secure.gravatar.com\/avatar\/8eaf08ef5a7e54fc91db02b2058b03bc913caaaa39c046819bbf43d06bd23c2b?s=96&d=mm&r=g","url":"https:\/\/secure.gravatar.com\/avatar\/8eaf08ef5a7e54fc91db02b2058b03bc913caaaa39c046819bbf43d06bd23c2b?s=96&d=mm&r=g","height":96,"width":96}},"publisher":{"@type":"Organization","name":"mitsu.cz","logo":{"@type":"ImageObject","@id":"\/logo.png","url":"\/logo.png","width":600,"height":60}},"image":{"@type":"ImageObject","@id":"https:\/\/www.mitsu.cz\/wp-content\/uploads\/cell-phone-801946_640.jpg","url":"https:\/\/www.mitsu.cz\/wp-content\/uploads\/cell-phone-801946_640.jpg","height":0,"width":0},"wordCount":717,"keywords":null},{"@type":"Article","@id":"https:\/\/www.mitsu.cz\/betonove-ploty-lanskroun-vyzaduji-ctit-regule-stavebniho-zakona\/","headline":"Betonov\u00e9 ploty Lan\u0161kroun vy\u017eaduj\u00ed ct\u00edt regule stavebn\u00edho z\u00e1kona","url":"https:\/\/www.mitsu.cz\/betonove-ploty-lanskroun-vyzaduji-ctit-regule-stavebniho-zakona\/","datePublished":"2020-03-24","dateModified":"2024-05-23","mainEntityOfPage":"https:\/\/www.mitsu.cz\/betonove-ploty-lanskroun-vyzaduji-ctit-regule-stavebniho-zakona\/","author":{"@type":"Person","@id":"https:\/\/www.mitsu.cz\/author\/devene\/#Person","name":"devene","url":"https:\/\/www.mitsu.cz\/author\/devene\/","identifier":1,"image":{"@type":"ImageObject","@id":"https:\/\/secure.gravatar.com\/avatar\/8eaf08ef5a7e54fc91db02b2058b03bc913caaaa39c046819bbf43d06bd23c2b?s=96&d=mm&r=g","url":"https:\/\/secure.gravatar.com\/avatar\/8eaf08ef5a7e54fc91db02b2058b03bc913caaaa39c046819bbf43d06bd23c2b?s=96&d=mm&r=g","height":96,"width":96}},"publisher":{"@type":"Organization","name":"mitsu.cz","logo":{"@type":"ImageObject","@id":"\/logo.png","url":"\/logo.png","width":600,"height":60}},"image":{"@type":"ImageObject","@id":"https:\/\/www.mitsu.cz\/wp-content\/uploads\/kv%C4%9Btina%20u%20zdi.jpg","url":"https:\/\/www.mitsu.cz\/wp-content\/uploads\/kv%C4%9Btina%20u%20zdi.jpg","height":0,"width":0},"wordCount":613,"keywords":null},{"@type":"Article","@id":"https:\/\/www.mitsu.cz\/proc-je-sledovani-zeleznicnich-vozidel-dulezite\/","headline":"Pro\u010d je sledov\u00e1n\u00ed \u017eelezni\u010dn\u00edch vozidel d\u016fle\u017eit\u00e9","url":"https:\/\/www.mitsu.cz\/proc-je-sledovani-zeleznicnich-vozidel-dulezite\/","datePublished":"2020-03-21","dateModified":"2023-10-12","mainEntityOfPage":"https:\/\/www.mitsu.cz\/proc-je-sledovani-zeleznicnich-vozidel-dulezite\/","author":{"@type":"Person","@id":"https:\/\/www.mitsu.cz\/author\/devene\/#Person","name":"devene","url":"https:\/\/www.mitsu.cz\/author\/devene\/","identifier":1,"image":{"@type":"ImageObject","@id":"https:\/\/secure.gravatar.com\/avatar\/8eaf08ef5a7e54fc91db02b2058b03bc913caaaa39c046819bbf43d06bd23c2b?s=96&d=mm&r=g","url":"https:\/\/secure.gravatar.com\/avatar\/8eaf08ef5a7e54fc91db02b2058b03bc913caaaa39c046819bbf43d06bd23c2b?s=96&d=mm&r=g","height":96,"width":96}},"publisher":{"@type":"Organization","name":"mitsu.cz","logo":{"@type":"ImageObject","@id":"\/logo.png","url":"\/logo.png","width":600,"height":60}},"image":{"@type":"ImageObject","@id":"https:\/\/www.mitsu.cz\/wp-content\/uploads\/vlak1.jpg","url":"https:\/\/www.mitsu.cz\/wp-content\/uploads\/vlak1.jpg","height":0,"width":0},"wordCount":936,"keywords":null},{"@type":"Article","@id":"https:\/\/www.mitsu.cz\/co-vsechno-zahrnuji-verejne-finance\/","headline":"Co v\u0161echno zahrnuj\u00ed ve\u0159ejn\u00e9 finance?","url":"https:\/\/www.mitsu.cz\/co-vsechno-zahrnuji-verejne-finance\/","datePublished":"2020-03-15","dateModified":"2023-05-31","mainEntityOfPage":"https:\/\/www.mitsu.cz\/co-vsechno-zahrnuji-verejne-finance\/","author":{"@type":"Person","@id":"https:\/\/www.mitsu.cz\/author\/devene\/#Person","name":"devene","url":"https:\/\/www.mitsu.cz\/author\/devene\/","identifier":1,"image":{"@type":"ImageObject","@id":"https:\/\/secure.gravatar.com\/avatar\/8eaf08ef5a7e54fc91db02b2058b03bc913caaaa39c046819bbf43d06bd23c2b?s=96&d=mm&r=g","url":"https:\/\/secure.gravatar.com\/avatar\/8eaf08ef5a7e54fc91db02b2058b03bc913caaaa39c046819bbf43d06bd23c2b?s=96&d=mm&r=g","height":96,"width":96}},"publisher":{"@type":"Organization","name":"mitsu.cz","logo":{"@type":"ImageObject","@id":"\/logo.png","url":"\/logo.png","width":600,"height":60}},"image":{"@type":"ImageObject","@id":"https:\/\/www.mitsu.cz\/wp-content\/uploads\/img_a372824_w4240_t1584353486.jpg","url":"https:\/\/www.mitsu.cz\/wp-content\/uploads\/img_a372824_w4240_t1584353486.jpg","height":0,"width":0},"wordCount":476,"keywords":null}]},{"@context":"https:\/\/schema.org","@type":"WebSite","@id":"https:\/\/www.mitsu.cz\/#website","name":"Mitsu","url":"https:\/\/www.mitsu.cz","potentialAction":{"@type":"SearchAction","target":"https:\/\/www.mitsu.cz\/?s={search_term_string}","query-input":"required name=search_term_string"}}]