[{"@context":"https:\/\/schema.org\/","@type":"Article","@id":"https:\/\/www.mitsu.cz\/originalni-design\/#Article","mainEntityOfPage":"https:\/\/www.mitsu.cz\/originalni-design\/","headline":"Origin\u00e1ln\u00ed design","name":"Origin\u00e1ln\u00ed design","description":"V\u017edycky jsem se zaj\u00edmala o design. A proto jsem tak\u00e9 \u0159ekla sv\u00e9 mamince, \u017ee bych je\u0161t\u011b po st\u0159edn\u00ed \u0161kole cht\u011bla studovat design [&hellip;]","datePublished":"2023-04-16","dateModified":"2023-04-16","author":{"@type":"Person","@id":"https:\/\/www.mitsu.cz\/author\/devene\/#Person","name":"devene","url":"https:\/\/www.mitsu.cz\/author\/devene\/","identifier":1,"image":{"@type":"ImageObject","@id":"https:\/\/secure.gravatar.com\/avatar\/8eaf08ef5a7e54fc91db02b2058b03bc913caaaa39c046819bbf43d06bd23c2b?s=96&d=mm&r=g","url":"https:\/\/secure.gravatar.com\/avatar\/8eaf08ef5a7e54fc91db02b2058b03bc913caaaa39c046819bbf43d06bd23c2b?s=96&d=mm&r=g","height":96,"width":96}},"publisher":{"@type":"Organization","name":"mitsu.cz","logo":{"@type":"ImageObject","@id":"\/logo.png","url":"\/logo.png","width":600,"height":60}},"image":{"@type":"ImageObject","@id":"https:\/\/www.mitsu.cz\/wp-content\/uploads\/apartment-2179337_960_720_1.jpg","url":"https:\/\/www.mitsu.cz\/wp-content\/uploads\/apartment-2179337_960_720_1.jpg","height":0,"width":0},"url":"https:\/\/www.mitsu.cz\/originalni-design\/","about":["D\u016fm a zahrada"],"wordCount":417,"articleBody":"   V\u017edycky jsem se zaj\u00edmala o design. A proto jsem tak\u00e9 \u0159ekla sv\u00e9 mamince, \u017ee bych je\u0161t\u011b po st\u0159edn\u00ed \u0161kole cht\u011bla studovat design a n\u011bjakou architekturu. Moje maminka mi \u0159ekla, \u017ee by proti tomu nic nem\u011bla, ale bohu\u017eel otci se tohle v\u016fbec nel\u00edb\u00ed. Proto\u017ee m\u016fj otec si p\u0159\u00e1l, abych \u0161la studovat medic\u00ednu anebo pr\u00e1va. Jenom\u017ee j\u00e1 opravdu nech\u00e1pu, jak m\u016f\u017ee rodi\u010d sv\u00e9 d\u00edt\u011b do n\u011b\u010deho nutit, kdy\u017e by o to t\u0159eba ani nem\u011blo \u017e\u00e1dn\u00fd z\u00e1jem? J\u00e1 sice ch\u00e1pu, \u017ee v\u017edycky rodi\u010de cht\u011bj\u00ed pro svoje d\u011bti jenom to nejlep\u0161\u00ed. Jenom\u017ee j\u00e1 si \u0159\u00edk\u00e1m, co kdyby m\u011b t\u0159eba medic\u00edna anebo pr\u00e1va v\u016fbec nebavili? V\u017edycky jsem z toho byla velice ne\u0161\u0165astn\u00e1, proto\u017ee m\u016fj otec u\u017e se v\u0161ude chlubil a v\u0161em pov\u00eddal, \u017ee j\u00e1 budu vystudovan\u00e1 l\u00e9ka\u0159ka anebo advok\u00e1tka. Samoz\u0159ejm\u011b, \u017ee jsem bohu\u017eel sv\u00e9mu otci sen nesplnila. Stala jsem se opravdu bytovou design\u00e9rkou. Uzn\u00e1v\u00e1m, \u017ee by m\u011b mo\u017en\u00e1 pr\u00e1vni\u010dina bavila, ale bytov\u00fd design byl pro m\u011b opravdu ten nejlep\u0161\u00ed. A nav\u00edc m\u011b to opravdu hodn\u011b bav\u00ed. Tak\u00e9 m\u011b pot\u011b\u0161ilo a opravdu p\u0159ekvapilo, kdy\u017e mi moje b\u00fdval\u00e1 sousedka pov\u011bd\u011bla, \u017ee m\u00e1 agenturu, kter\u00e1 se zab\u00fdv\u00e1 pr\u00e1v\u011b bytov\u00fdm designem. Tak\u017ee opravdu to nebylo lep\u0161\u00ed na\u010dasov\u00e1n\u00ed ne\u017e v tu dobu, ve kterou jsem pot\u0159ebovala.A je logick\u00e9, \u017ee jsem k n\u00ed \u0161la ihned pracovat, abych tam nasb\u00edrala n\u011bjak\u00e9 zku\u0161enosti. A tak jsem se domluvila, \u017ee tam budu alespo\u0148 rok na st\u00e1\u017ei. A sv\u011bte div se, v\u0161echno dopadlo opravdu p\u0159esn\u011b tak, jak jsem si p\u0159\u00e1la. Co v\u00edc si p\u0159\u00e1t? Samoz\u0159ejm\u011b, \u017ee otec byl st\u00e1le je\u0161t\u011b na\u0161tvan\u00fd, ale kdy\u017e potom zjistil, \u017ee i t\u0159i roky po studiu m\u011b tato pr\u00e1ce opravdu hodn\u011b bav\u00ed a je to m\u016fj velk\u00fd kon\u00ed\u010dek, tak s\u00e1m otec uznal, \u017ee on se m\u00fdlil. A s\u00e1m dal po tom v\u0161em za pravdu, \u017ee \u010dlov\u011bk m\u00e1 hlavn\u011b d\u011blat to, co ho bav\u00ed, jinak by to byla pr\u00e1ce asi o ni\u010dem. Nav\u00edc bytov\u00fd design https:\/\/bydesign.cz\/ je tak\u00e9 velmi variabiln\u00ed, tak\u017ee to nen\u00ed takov\u00e1 pr\u00e1ce, kde byste se \u010dasem nudili.                                                                                                                                                                                                                                                                                                                                                                                                  "},{"@context":"https:\/\/schema.org\/","@type":"BreadcrumbList","itemListElement":[{"@type":"ListItem","position":1,"name":"Origin\u00e1ln\u00ed design","item":"https:\/\/www.mitsu.cz\/originalni-design\/#breadcrumbitem"}]}]