[{"@context":"https:\/\/schema.org\/","@type":"Article","@id":"https:\/\/www.mitsu.cz\/male-prostory-se-daji-vyresit-velmi-elegantne\/#Article","mainEntityOfPage":"https:\/\/www.mitsu.cz\/male-prostory-se-daji-vyresit-velmi-elegantne\/","headline":"Mal\u00e9 prostory se daj\u00ed vy\u0159e\u0161it velmi elegantn\u011b","name":"Mal\u00e9 prostory se daj\u00ed vy\u0159e\u0161it velmi elegantn\u011b","description":"Pokud je v rodin\u011b v\u00edce d\u011bt\u00ed a bohu\u017eel prostory jsou mal\u00e9, tak se mus\u00ed vymyslet pl\u00e1n, jak v\u0161echno dob\u0159e uspo\u0159\u00e1dat. Kdo v\u011bt\u0161inou [&hellip;]","datePublished":"2019-11-16","dateModified":"2023-05-31","author":{"@type":"Person","@id":"https:\/\/www.mitsu.cz\/author\/devene\/#Person","name":"devene","url":"https:\/\/www.mitsu.cz\/author\/devene\/","identifier":1,"image":{"@type":"ImageObject","@id":"https:\/\/secure.gravatar.com\/avatar\/8eaf08ef5a7e54fc91db02b2058b03bc913caaaa39c046819bbf43d06bd23c2b?s=96&d=mm&r=g","url":"https:\/\/secure.gravatar.com\/avatar\/8eaf08ef5a7e54fc91db02b2058b03bc913caaaa39c046819bbf43d06bd23c2b?s=96&d=mm&r=g","height":96,"width":96}},"publisher":{"@type":"Organization","name":"mitsu.cz","logo":{"@type":"ImageObject","@id":"\/logo.png","url":"\/logo.png","width":600,"height":60}},"image":{"@type":"ImageObject","@id":"https:\/\/www.mitsu.cz\/wp-content\/uploads\/img_a371587_w2240_t1582895272.jpg","url":"https:\/\/www.mitsu.cz\/wp-content\/uploads\/img_a371587_w2240_t1582895272.jpg","height":0,"width":0},"url":"https:\/\/www.mitsu.cz\/male-prostory-se-daji-vyresit-velmi-elegantne\/","about":["Zv\u00ed\u0159ata"],"wordCount":411,"articleBody":"      Pokud je v rodin\u011b v\u00edce d\u011bt\u00ed a bohu\u017eel prostory jsou mal\u00e9, tak se mus\u00ed vymyslet pl\u00e1n, jak v\u0161echno dob\u0159e uspo\u0159\u00e1dat. Kdo v\u011bt\u0161inou stav\u00ed rodinn\u00fd domek, tak ji\u017e po\u010d\u00edt\u00e1 s t\u00edm, \u017ee ka\u017ed\u00e9 d\u00edt\u011b by m\u011blo m\u00edt sv\u00e9 soukrom\u00ed a tak mu vybuduj\u00ed rodi\u010de vlastn\u00ed pokoj\u00edk, kter\u00fd se d\u00e1 mnohem pozd\u011bji vyu\u017e\u00edt i jako pokoj pro hosty. Potom je takov\u00e9 za\u0159izov\u00e1n\u00ed m\u00edstnosti zcela jednoduch\u00e9. P\u0159i mal\u00fdch prostor\u00e1ch se mus\u00ed tak trochu pl\u00e1novat, po\u010d\u00edtat a \u010das od \u010dasu i improvizovat. Pot\u00e9 se takov\u00e9 m\u00edstnosti daj\u00ed vytvo\u0159it tak, aby m\u011blo ka\u017ed\u00e9 d\u011bcko sv\u00e9 ur\u010dit\u00e9 soukrom\u00ed a pokoj\u00edk vypadal velmi p\u0159\u00edjemn\u011b na pohled. Hledaj\u00ed se r\u016fzn\u00e9 plochy pro vestavn\u00e9 sk\u0159\u00ed\u0148ky a pomoci mohou i n\u011bjak\u00e9 n\u00e1stavby.  Postele zaberou hodn\u011b plochy Asi \u00fapln\u011b nejv\u00edc m\u00edsta zaberou postele, ale pokud se zvol\u00ed varianta patrov\u00e9 postele s \u00falo\u017en\u00fdm prostorem, tak zase to nebude v\u016fbec tak hrozn\u00e9. V\u00fdrobci s t\u00edm po\u010d\u00edtaj\u00ed a tak v nab\u00eddce je mnoho d\u016fkladn\u011b vyroben\u00fdch verz\u00ed, dokonce i se skluzavkou nebo jin\u00fdmi dopl\u0148ky. Tak\u00e9 si je lze zakoupit v r\u016fzn\u00e9m proveden\u00ed a barv\u011b, co\u017e je naprosto ide\u00e1ln\u00ed. P\u0159i neutr\u00e1ln\u00edm v\u00fdb\u011bru, dokonce takov\u00e9 palandy, poslou\u017e\u00ed i ve star\u0161\u00edm v\u011bku. Nav\u00edc, kdy\u017e budou m\u00edt pod sebou \u00falo\u017en\u00fd prostor, kter\u00fd lze vyu\u017e\u00edt, tak vlastn\u011b jsme v tuto chv\u00edli z\u00edskali dal\u0161\u00ed poklad na \u00faschovu nepot\u0159ebn\u00fdch v\u011bc\u00ed nebo hra\u010dek.  Patrov\u00e9 postele se hod\u00ed kamkoliv Pokud si vezmeme v \u00favahu mal\u00e9 prostory v karavanu, mobiln\u00edch domech, v podkrov\u00ed nebo na ubytovn\u00e1ch, tak v\u0161ude si lze snadno nainstalovat vysoce kvalitn\u00ed patrov\u00e9 postele. Mnohdy vyroben\u00e9 p\u0159esn\u011b na m\u00edru, ale naprosto ide\u00e1ln\u00ed \u0159e\u0161en\u00ed, kter\u00e9 je dosta\u010duj\u00edc\u00ed pro kvalitn\u00ed sp\u00e1nek. I palandy se daj\u00ed toti\u017e vybavit kvalitn\u00edmi ro\u0161ty a vybrat vhodnou matraci, co\u017e rozhodn\u011b je velmi d\u016fle\u017eit\u00e9 pro kvalitn\u00ed odpo\u010dinek a vydatn\u00fd sp\u00e1nek. N\u011bkter\u00e9 z patrov\u00fdch postel\u00ed lze je\u0161t\u011b vybrat i se stolkem nebo l\u016f\u017ekem nav\u00edc, p\u0159\u00edpadn\u011b i jin\u00fdmi dopl\u0148ky, kter\u00e9 p\u0159irozen\u011b zp\u0159\u00edjemn\u00ed design m\u00edstnosti. Zvl\u00e1\u0161t\u011b, kdy\u017e se vybere i spr\u00e1vn\u00fd barevn\u00fd odst\u00edn.                                                                                                                                                                                                                                                                                                                                                                                                  "},{"@context":"https:\/\/schema.org\/","@type":"BreadcrumbList","itemListElement":[{"@type":"ListItem","position":1,"name":"Mal\u00e9 prostory se daj\u00ed vy\u0159e\u0161it velmi elegantn\u011b","item":"https:\/\/www.mitsu.cz\/male-prostory-se-daji-vyresit-velmi-elegantne\/#breadcrumbitem"}]}]