[{"@context":"https:\/\/schema.org\/","@type":"Article","@id":"https:\/\/www.mitsu.cz\/jak-se-pripravit-na-mezinarodni-stehovani\/#Article","mainEntityOfPage":"https:\/\/www.mitsu.cz\/jak-se-pripravit-na-mezinarodni-stehovani\/","headline":"Jak se p\u0159ipravit na mezin\u00e1rodn\u00ed st\u011bhov\u00e1n\u00ed","name":"Jak se p\u0159ipravit na mezin\u00e1rodn\u00ed st\u011bhov\u00e1n\u00ed","description":"Zvolte si vhodn\u00fd term\u00edn \u2013 mus\u00edte-li se p\u0159est\u011bhovat do zahrani\u010d\u00ed v brzk\u00e9 dob\u011b a nem\u016f\u017eete si p\u0159\u00edli\u0161 vyb\u00edrat, co se t\u00fd\u010de term\u00ednu, [&hellip;]","datePublished":"2024-05-17","dateModified":"2024-06-18","author":{"@type":"Person","@id":"https:\/\/www.mitsu.cz\/author\/devene\/#Person","name":"devene","url":"https:\/\/www.mitsu.cz\/author\/devene\/","identifier":1,"image":{"@type":"ImageObject","@id":"https:\/\/secure.gravatar.com\/avatar\/8eaf08ef5a7e54fc91db02b2058b03bc913caaaa39c046819bbf43d06bd23c2b?s=96&d=mm&r=g","url":"https:\/\/secure.gravatar.com\/avatar\/8eaf08ef5a7e54fc91db02b2058b03bc913caaaa39c046819bbf43d06bd23c2b?s=96&d=mm&r=g","height":96,"width":96}},"publisher":{"@type":"Organization","name":"mitsu.cz","logo":{"@type":"ImageObject","@id":"\/logo.png","url":"\/logo.png","width":600,"height":60}},"image":{"@type":"ImageObject","@id":"https:\/\/www.mitsu.cz\/wp-content\/uploads\/highway-2606937_640_3.jpg","url":"https:\/\/www.mitsu.cz\/wp-content\/uploads\/highway-2606937_640_3.jpg","height":0,"width":0},"url":"https:\/\/www.mitsu.cz\/jak-se-pripravit-na-mezinarodni-stehovani\/","about":["Business"],"wordCount":429,"articleBody":"   Zvolte si vhodn\u00fd term\u00edn \u2013 mus\u00edte-li se p\u0159est\u011bhovat do zahrani\u010d\u00ed v brzk\u00e9 dob\u011b a nem\u016f\u017eete si p\u0159\u00edli\u0161 vyb\u00edrat, co se t\u00fd\u010de term\u00ednu, pak se mus\u00edte p\u0159izp\u016fsobit dan\u00fdm okolnostem, ov\u0161em m\u00e1te-li mo\u017enost o term\u00ednu rozhodnout, pak se soust\u0159e\u010fte na jarn\u00ed a podzimn\u00ed obdob\u00ed. V t\u00e9to dob\u011b b\u00fdv\u00e1 v Evrop\u011b v m\u00edrn\u00edm p\u00e1smu optim\u00e1ln\u00ed denn\u00ed teplota pro pr\u00e1ci v exteri\u00e9ru, p\u0159en\u00e1\u0161en\u00ed v\u011bc\u00ed, vybalov\u00e1n\u00ed, zabydlov\u00e1n\u00ed a dal\u0161\u00ed aktivity. Nen\u00ed ani velk\u00e1 zima, ani p\u0159\u00edli\u0161n\u00e9 horko, vysta\u010d\u00edte jen s lehk\u00fdm oble\u010den\u00edm a d\u00e9lka slune\u010dn\u00edho svitu v obdob\u00ed rovnodennosti b\u00fdv\u00e1 takt\u00e9\u017e ide\u00e1ln\u00ed. Pouze, pokud se st\u011bhujete na sever, do Skandin\u00e1vie, tam doporu\u010dujeme st\u011bhov\u00e1n\u00ed zorganizovat v l\u00e9t\u011b, kdy je tamn\u00ed prost\u0159ed\u00ed podobn\u00e9 st\u0159edoevropsk\u00e9mu v jarn\u00edch m\u011bs\u00edc\u00edch.Objedn\u00e1vejte st\u011bhov\u00e1ky v\u010das \u2013 st\u011bhovat se na posledn\u00ed chv\u00edli je tak\u00e9 mo\u017en\u00e9, ale m\u016f\u017ee se st\u00e1t, \u017ee na v\u00e1s ji\u017e nebudou m\u00edt st\u011bhov\u00e1ci \u010das, proto\u017ee mus\u00ed splnit zak\u00e1zky objednan\u00e9 p\u0159ed v\u00e1mi. Ide\u00e1ln\u00ed objedn\u00e1vka mezin\u00e1rodn\u00edho st\u011bhov\u00e1n\u00ed p\u0159ipad\u00e1 na \u010dty\u0159i a\u017e \u0161est t\u00fddn\u016f p\u0159edem. Domluvte p\u0159edb\u011b\u017enou informativn\u00ed sch\u016fzku u v\u00e1s doma a tam dohodnete detailn\u00ed postup.Zajist\u011bte parkovac\u00ed m\u00edsto \u2013 zejm\u00e9na ve velk\u00fdch m\u011bstech, nap\u0159\u00edklad v Praze, je nutn\u00e9 zajistit parkovac\u00ed m\u00edsto pro st\u011bhovac\u00ed v\u016fz. A to jak po administrativn\u00ed str\u00e1nce, tak i fyzick\u00e9. Obn\u00e1\u0161\u00ed to zaj\u00edt na m\u011bstsk\u00fd magistr\u00e1t, odbor dopravy, a po\u017e\u00e1dat o parkovac\u00ed v\u00fdjimku (v\u011bt\u0161inou pro v\u011bt\u0161\u00ed vozidlo typu kamionu). \u00da\u0159edn\u00edci maj\u00ed na vy\u0159\u00edzen\u00ed \u017e\u00e1dosti cel\u00fdch t\u0159icet kalend\u00e1\u0159n\u00edch dn\u016f. Pamatujte na to a zajist\u011bte parkovac\u00ed m\u00edsto v\u010das.Nest\u011bhujte se o v\u00edkendu \u2013 mezin\u00e1rodn\u00ed st\u011bhov\u00e1n\u00ed zahranicnistehovani.cz prob\u00edh\u00e1 v podstat\u011b celoro\u010dn\u011b krom\u011b ned\u011bl\u00ed a sv\u00e1tk\u016f, tehdy plat\u00ed na v\u011bt\u0161in\u011b evropsk\u00fdch d\u00e1lnic z\u00e1kaz vjezdu pro vozidla s p\u0159\u00edv\u011bsem nad 3,5 tuny. V n\u011bkter\u00fdch zem\u00edch se tyto z\u00e1kazy vztahuj\u00ed i na soboty v odpoledn\u00edch a no\u010dn\u00edch hodin\u00e1ch. Proto je rozumn\u00e9 s t\u00edm po\u010d\u00edtat a st\u011bhov\u00e1n\u00ed zaji\u0161\u0165ovat nejl\u00e9pe o v\u0161edn\u00edch dnech.                                                                                                                                                                                                                                                                                                                                                                                                  "},{"@context":"https:\/\/schema.org\/","@type":"BreadcrumbList","itemListElement":[{"@type":"ListItem","position":1,"name":"Jak se p\u0159ipravit na mezin\u00e1rodn\u00ed st\u011bhov\u00e1n\u00ed","item":"https:\/\/www.mitsu.cz\/jak-se-pripravit-na-mezinarodni-stehovani\/#breadcrumbitem"}]}]